{"id":119,"date":"2019-06-18T07:56:00","date_gmt":"2019-06-18T07:56:00","guid":{"rendered":"http:\/\/quintadoslagares.com\/?p=119"},"modified":"2023-09-01T11:50:07","modified_gmt":"2023-09-01T11:50:07","slug":"quinta-inaugura-enoturismo","status":"publish","type":"post","link":"https:\/\/quintadoslagares.com\/fr\/2019\/06\/18\/quinta-inaugura-enoturismo\/","title":{"rendered":"QUINTA OUVRE L&#8217;OENOTOURISME"},"content":{"rendered":"<p>Suspendue au-dessus du paysage, la nouvelle salle de d\u00e9gustation de la Quinta dos Lagares inaugure un nouveau service d&#8217;\u0153notourisme dans l&#8217;une des vall\u00e9es embl\u00e9matiques du Douro, la Vale de Mendiz.<\/p>\n<p>La Quinta dos Lagares est un projet familial avec une histoire et une situation privil\u00e9gi\u00e9e dans la vall\u00e9e de Mendiz, un h\u00e9ritage que Pedro Lencart et son \u00e9pouse Isabel Sarmento veulent pr\u00e9server en investissant dans la production de vins de qualit\u00e9. L&#8217;ouverture d&#8217;une salle de d\u00e9gustation et de services oenotouristiques sur le domaine est un exemple de cet engagement et de cette pers\u00e9v\u00e9rance, explique l&#8217;actuel directeur du domaine, Pedro Lencart : &#8220;Accueillir les gens et vendre des vins en dehors de la cave peut contribuer grandement \u00e0 faire conna\u00eetre et \u00e0 affirmer les petits projets de qualit\u00e9 comme Quinta dos Lagares, notamment en raison du nombre croissant de touristes dans le Douro, et pas seulement l&#8217;\u00e9t\u00e9.&#8221;<\/p>\n<p>Surplombant les vignobles et les oliveraies s\u00e9culaires du domaine, la nouvelle salle de d\u00e9gustation soutient le programme de visites, qui se d\u00e9cline en deux versions : la premi\u00e8re, plus courte, comprend un parcours \u00e0 travers des parcelles de for\u00eat autochtone dans les mort\u00f3rios et des vignobles d&#8217;altitude sur le plateau de Favaios (5 euros) ; la seconde, d&#8217;une dur\u00e9e d&#8217;environ deux heures, comprend un parcours de montagne de difficult\u00e9 moyenne, qui passe par des oliveraies s\u00e9culaires, des ch\u00eanes-li\u00e8ges et de vieilles vignes, et se termine par la visite des moulins et de la chapelle du domaine (10 euros).<\/p>\n<p>Les d\u00e9gustations propos\u00e9es vont de trois \u00e0 cinq vins et sont propos\u00e9es \u00e0 cinq ou douze euros (cinq euros suppl\u00e9mentaires si l&#8217;on inclut le Porto Vintage ou le haut de gamme Vinhas Venhas 44). Une d\u00e9gustation de l&#8217;huile d&#8217;olive biologique produite sur le domaine, Zabodez, est \u00e9galement propos\u00e9e (2,5 euros).  Visites sur rendez-vous au 938 353 308 ou par courriel : geral@quintadoslagares.pt.<\/p>\n","protected":false},"excerpt":{"rendered":"<p>Suspendue au-dessus du paysage, la nouvelle salle de d\u00e9gustation de la Quinta dos Lagares inaugure un nouveau service d&#8217;\u0153notourisme dans l&#8217;une des vall\u00e9es embl\u00e9matiques du Douro, la Vale de Mendiz. La Quinta dos Lagares est un projet familial avec une histoire et une situation privil\u00e9gi\u00e9e dans la vall\u00e9e de Mendiz, un h\u00e9ritage que Pedro Lencart [&hellip;]<\/p>\n","protected":false},"author":1,"featured_media":120,"comment_status":"open","ping_status":"open","sticky":false,"template":"","format":"standard","meta":{"_acf_changed":false,"footnotes":""},"categories":[1],"tags":[],"class_list":["post-119","post","type-post","status-publish","format-standard","has-post-thumbnail","hentry","category-sem-categoria"],"translation":{"provider":"WPGlobus","version":"2.10.6","language":"fr","enabled_languages":["pt","en","fr"],"languages":{"pt":{"title":true,"content":true,"excerpt":false},"en":{"title":true,"content":true,"excerpt":false},"fr":{"title":true,"content":true,"excerpt":false}}},"acf":[],"yoast_head":"<!-- This site is optimized with the Yoast SEO plugin v26.9 - https:\/\/yoast.com\/product\/yoast-seo-wordpress\/ -->\n<title>QUINTA OUVRE L&#039;OENOTOURISME - Quinta dos Lagares<\/title>\n<meta name=\"robots\" content=\"index, follow, max-snippet:-1, max-image-preview:large, max-video-preview:-1\" \/>\n<link rel=\"canonical\" href=\"https:\/\/quintadoslagares.com\/2019\/06\/18\/quinta-inaugura-enoturismo\/\" \/>\n<meta property=\"og:locale\" content=\"fr_FR\" \/>\n<meta property=\"og:type\" content=\"article\" \/>\n<meta property=\"og:title\" content=\"QUINTA OUVRE L&#039;OENOTOURISME - Quinta dos Lagares\" \/>\n<meta property=\"og:url\" content=\"https:\/\/quintadoslagares.com\/2019\/06\/18\/quinta-inaugura-enoturismo\/\" \/>\n<meta property=\"og:site_name\" content=\"Quinta dos Lagares\" \/>\n<meta property=\"article:published_time\" content=\"2019-06-18T07:56:00+00:00\" \/>\n<meta property=\"article:modified_time\" content=\"2023-09-01T11:50:07+00:00\" \/>\n<meta property=\"og:image\" content=\"https:\/\/quintadoslagares.com\/wp-content\/uploads\/2023\/04\/image-9.png\" \/>\n\t<meta property=\"og:image:width\" content=\"975\" \/>\n\t<meta property=\"og:image:height\" content=\"731\" \/>\n\t<meta property=\"og:image:type\" content=\"image\/png\" \/>\n<meta name=\"author\" content=\"administrador\" \/>\n<meta name=\"twitter:card\" content=\"summary_large_image\" \/>\n<meta name=\"twitter:label1\" content=\"Written by\" \/>\n\t<meta name=\"twitter:data1\" content=\"administrador\" \/>\n\t<meta name=\"twitter:label2\" content=\"Est. reading time\" \/>\n\t<meta name=\"twitter:data2\" content=\"2 minutes\" \/>\n<script type=\"application\/ld+json\" class=\"yoast-schema-graph\">{\"@context\":\"https:\/\/schema.org\",\"@graph\":[{\"@type\":\"Article\",\"@id\":\"https:\/\/quintadoslagares.com\/2019\/06\/18\/quinta-inaugura-enoturismo\/#article\",\"isPartOf\":{\"@id\":\"https:\/\/quintadoslagares.com\/2019\/06\/18\/quinta-inaugura-enoturismo\/\"},\"author\":{\"name\":\"administrador\",\"@id\":\"https:\/\/quintadoslagares.com\/#\/schema\/person\/7e05580b3fcd247c5e51ecc0f6da9f18\"},\"headline\":\"QUINTA OUVRE L&#8217;OENOTOURISME\",\"datePublished\":\"2019-06-18T07:56:00+00:00\",\"dateModified\":\"2023-09-01T11:50:07+00:00\",\"mainEntityOfPage\":{\"@id\":\"https:\/\/quintadoslagares.com\/2019\/06\/18\/quinta-inaugura-enoturismo\/\"},\"wordCount\":936,\"commentCount\":0,\"publisher\":{\"@id\":\"https:\/\/quintadoslagares.com\/#organization\"},\"image\":{\"@id\":\"https:\/\/quintadoslagares.com\/2019\/06\/18\/quinta-inaugura-enoturismo\/#primaryimage\"},\"thumbnailUrl\":\"https:\/\/quintadoslagares.com\/wp-content\/uploads\/2023\/04\/image-9.png\",\"articleSection\":[\"Sem categoria\"],\"inLanguage\":\"fr-FR\",\"potentialAction\":[{\"@type\":\"CommentAction\",\"name\":\"Comment\",\"target\":[\"https:\/\/quintadoslagares.com\/2019\/06\/18\/quinta-inaugura-enoturismo\/#respond\"]}]},{\"@type\":\"WebPage\",\"@id\":\"https:\/\/quintadoslagares.com\/2019\/06\/18\/quinta-inaugura-enoturismo\/\",\"url\":\"https:\/\/quintadoslagares.com\/2019\/06\/18\/quinta-inaugura-enoturismo\/\",\"name\":\"QUINTA OUVRE L'OENOTOURISME - Quinta dos Lagares\",\"isPartOf\":{\"@id\":\"https:\/\/quintadoslagares.com\/#website\"},\"primaryImageOfPage\":{\"@id\":\"https:\/\/quintadoslagares.com\/2019\/06\/18\/quinta-inaugura-enoturismo\/#primaryimage\"},\"image\":{\"@id\":\"https:\/\/quintadoslagares.com\/2019\/06\/18\/quinta-inaugura-enoturismo\/#primaryimage\"},\"thumbnailUrl\":\"https:\/\/quintadoslagares.com\/wp-content\/uploads\/2023\/04\/image-9.png\",\"datePublished\":\"2019-06-18T07:56:00+00:00\",\"dateModified\":\"2023-09-01T11:50:07+00:00\",\"breadcrumb\":{\"@id\":\"https:\/\/quintadoslagares.com\/2019\/06\/18\/quinta-inaugura-enoturismo\/#breadcrumb\"},\"inLanguage\":\"fr-FR\",\"potentialAction\":[{\"@type\":\"ReadAction\",\"target\":[\"https:\/\/quintadoslagares.com\/2019\/06\/18\/quinta-inaugura-enoturismo\/\"]}]},{\"@type\":\"ImageObject\",\"inLanguage\":\"fr-FR\",\"@id\":\"https:\/\/quintadoslagares.com\/2019\/06\/18\/quinta-inaugura-enoturismo\/#primaryimage\",\"url\":\"https:\/\/quintadoslagares.com\/wp-content\/uploads\/2023\/04\/image-9.png\",\"contentUrl\":\"https:\/\/quintadoslagares.com\/wp-content\/uploads\/2023\/04\/image-9.png\",\"width\":975,\"height\":731},{\"@type\":\"BreadcrumbList\",\"@id\":\"https:\/\/quintadoslagares.com\/2019\/06\/18\/quinta-inaugura-enoturismo\/#breadcrumb\",\"itemListElement\":[{\"@type\":\"ListItem\",\"position\":1,\"name\":\"In\u00edcio\",\"item\":\"https:\/\/quintadoslagares.com\/\"},{\"@type\":\"ListItem\",\"position\":2,\"name\":\"QUINTA INAUGURA ENOTURISMO\"}]},{\"@type\":\"WebSite\",\"@id\":\"https:\/\/quintadoslagares.com\/#website\",\"url\":\"https:\/\/quintadoslagares.com\/\",\"name\":\"Quinta dos Lagares\",\"description\":\"\",\"publisher\":{\"@id\":\"https:\/\/quintadoslagares.com\/#organization\"},\"potentialAction\":[{\"@type\":\"SearchAction\",\"target\":{\"@type\":\"EntryPoint\",\"urlTemplate\":\"https:\/\/quintadoslagares.com\/?s={search_term_string}\"},\"query-input\":{\"@type\":\"PropertyValueSpecification\",\"valueRequired\":true,\"valueName\":\"search_term_string\"}}],\"inLanguage\":\"fr-FR\"},{\"@type\":\"Organization\",\"@id\":\"https:\/\/quintadoslagares.com\/#organization\",\"name\":\"Quinta dos Lagares\",\"url\":\"https:\/\/quintadoslagares.com\/\",\"logo\":{\"@type\":\"ImageObject\",\"inLanguage\":\"fr-FR\",\"@id\":\"https:\/\/quintadoslagares.com\/#\/schema\/logo\/image\/\",\"url\":\"https:\/\/quintadoslagares.com\/wp-content\/uploads\/2023\/04\/cropped-logo-lagares-verde-pretoo-1.png\",\"contentUrl\":\"https:\/\/quintadoslagares.com\/wp-content\/uploads\/2023\/04\/cropped-logo-lagares-verde-pretoo-1.png\",\"width\":551,\"height\":76,\"caption\":\"Quinta dos Lagares\"},\"image\":{\"@id\":\"https:\/\/quintadoslagares.com\/#\/schema\/logo\/image\/\"}},{\"@type\":\"Person\",\"@id\":\"https:\/\/quintadoslagares.com\/#\/schema\/person\/7e05580b3fcd247c5e51ecc0f6da9f18\",\"name\":\"administrador\",\"image\":{\"@type\":\"ImageObject\",\"inLanguage\":\"fr-FR\",\"@id\":\"https:\/\/quintadoslagares.com\/#\/schema\/person\/image\/\",\"url\":\"https:\/\/secure.gravatar.com\/avatar\/6ea31482c0943c68b98b3aac76481af1d2f97acb9a9aa16bb4255c2e62edcf0f?s=96&d=mm&r=g\",\"contentUrl\":\"https:\/\/secure.gravatar.com\/avatar\/6ea31482c0943c68b98b3aac76481af1d2f97acb9a9aa16bb4255c2e62edcf0f?s=96&d=mm&r=g\",\"caption\":\"administrador\"},\"sameAs\":[\"http:\/\/quintadoslagares.com\"],\"url\":\"https:\/\/quintadoslagares.com\/fr\/author\/administrador\/\"}]}<\/script>\n<!-- \/ Yoast SEO plugin. -->","yoast_head_json":{"title":"QUINTA OUVRE L'OENOTOURISME - Quinta dos Lagares","robots":{"index":"index","follow":"follow","max-snippet":"max-snippet:-1","max-image-preview":"max-image-preview:large","max-video-preview":"max-video-preview:-1"},"canonical":"https:\/\/quintadoslagares.com\/2019\/06\/18\/quinta-inaugura-enoturismo\/","og_locale":"fr_FR","og_type":"article","og_title":"QUINTA OUVRE L'OENOTOURISME - Quinta dos Lagares","og_url":"https:\/\/quintadoslagares.com\/2019\/06\/18\/quinta-inaugura-enoturismo\/","og_site_name":"Quinta dos Lagares","article_published_time":"2019-06-18T07:56:00+00:00","article_modified_time":"2023-09-01T11:50:07+00:00","og_image":[{"width":975,"height":731,"url":"https:\/\/quintadoslagares.com\/wp-content\/uploads\/2023\/04\/image-9.png","type":"image\/png"}],"author":"administrador","twitter_card":"summary_large_image","twitter_misc":{"Written by":"administrador","Est. reading time":"2 minutes"},"schema":{"@context":"https:\/\/schema.org","@graph":[{"@type":"Article","@id":"https:\/\/quintadoslagares.com\/2019\/06\/18\/quinta-inaugura-enoturismo\/#article","isPartOf":{"@id":"https:\/\/quintadoslagares.com\/2019\/06\/18\/quinta-inaugura-enoturismo\/"},"author":{"name":"administrador","@id":"https:\/\/quintadoslagares.com\/#\/schema\/person\/7e05580b3fcd247c5e51ecc0f6da9f18"},"headline":"QUINTA OUVRE L&#8217;OENOTOURISME","datePublished":"2019-06-18T07:56:00+00:00","dateModified":"2023-09-01T11:50:07+00:00","mainEntityOfPage":{"@id":"https:\/\/quintadoslagares.com\/2019\/06\/18\/quinta-inaugura-enoturismo\/"},"wordCount":936,"commentCount":0,"publisher":{"@id":"https:\/\/quintadoslagares.com\/#organization"},"image":{"@id":"https:\/\/quintadoslagares.com\/2019\/06\/18\/quinta-inaugura-enoturismo\/#primaryimage"},"thumbnailUrl":"https:\/\/quintadoslagares.com\/wp-content\/uploads\/2023\/04\/image-9.png","articleSection":["Sem categoria"],"inLanguage":"fr-FR","potentialAction":[{"@type":"CommentAction","name":"Comment","target":["https:\/\/quintadoslagares.com\/2019\/06\/18\/quinta-inaugura-enoturismo\/#respond"]}]},{"@type":"WebPage","@id":"https:\/\/quintadoslagares.com\/2019\/06\/18\/quinta-inaugura-enoturismo\/","url":"https:\/\/quintadoslagares.com\/2019\/06\/18\/quinta-inaugura-enoturismo\/","name":"QUINTA OUVRE L'OENOTOURISME - Quinta dos Lagares","isPartOf":{"@id":"https:\/\/quintadoslagares.com\/#website"},"primaryImageOfPage":{"@id":"https:\/\/quintadoslagares.com\/2019\/06\/18\/quinta-inaugura-enoturismo\/#primaryimage"},"image":{"@id":"https:\/\/quintadoslagares.com\/2019\/06\/18\/quinta-inaugura-enoturismo\/#primaryimage"},"thumbnailUrl":"https:\/\/quintadoslagares.com\/wp-content\/uploads\/2023\/04\/image-9.png","datePublished":"2019-06-18T07:56:00+00:00","dateModified":"2023-09-01T11:50:07+00:00","breadcrumb":{"@id":"https:\/\/quintadoslagares.com\/2019\/06\/18\/quinta-inaugura-enoturismo\/#breadcrumb"},"inLanguage":"fr-FR","potentialAction":[{"@type":"ReadAction","target":["https:\/\/quintadoslagares.com\/2019\/06\/18\/quinta-inaugura-enoturismo\/"]}]},{"@type":"ImageObject","inLanguage":"fr-FR","@id":"https:\/\/quintadoslagares.com\/2019\/06\/18\/quinta-inaugura-enoturismo\/#primaryimage","url":"https:\/\/quintadoslagares.com\/wp-content\/uploads\/2023\/04\/image-9.png","contentUrl":"https:\/\/quintadoslagares.com\/wp-content\/uploads\/2023\/04\/image-9.png","width":975,"height":731},{"@type":"BreadcrumbList","@id":"https:\/\/quintadoslagares.com\/2019\/06\/18\/quinta-inaugura-enoturismo\/#breadcrumb","itemListElement":[{"@type":"ListItem","position":1,"name":"In\u00edcio","item":"https:\/\/quintadoslagares.com\/"},{"@type":"ListItem","position":2,"name":"QUINTA INAUGURA ENOTURISMO"}]},{"@type":"WebSite","@id":"https:\/\/quintadoslagares.com\/#website","url":"https:\/\/quintadoslagares.com\/","name":"Quinta dos Lagares","description":"","publisher":{"@id":"https:\/\/quintadoslagares.com\/#organization"},"potentialAction":[{"@type":"SearchAction","target":{"@type":"EntryPoint","urlTemplate":"https:\/\/quintadoslagares.com\/?s={search_term_string}"},"query-input":{"@type":"PropertyValueSpecification","valueRequired":true,"valueName":"search_term_string"}}],"inLanguage":"fr-FR"},{"@type":"Organization","@id":"https:\/\/quintadoslagares.com\/#organization","name":"Quinta dos Lagares","url":"https:\/\/quintadoslagares.com\/","logo":{"@type":"ImageObject","inLanguage":"fr-FR","@id":"https:\/\/quintadoslagares.com\/#\/schema\/logo\/image\/","url":"https:\/\/quintadoslagares.com\/wp-content\/uploads\/2023\/04\/cropped-logo-lagares-verde-pretoo-1.png","contentUrl":"https:\/\/quintadoslagares.com\/wp-content\/uploads\/2023\/04\/cropped-logo-lagares-verde-pretoo-1.png","width":551,"height":76,"caption":"Quinta dos Lagares"},"image":{"@id":"https:\/\/quintadoslagares.com\/#\/schema\/logo\/image\/"}},{"@type":"Person","@id":"https:\/\/quintadoslagares.com\/#\/schema\/person\/7e05580b3fcd247c5e51ecc0f6da9f18","name":"administrador","image":{"@type":"ImageObject","inLanguage":"fr-FR","@id":"https:\/\/quintadoslagares.com\/#\/schema\/person\/image\/","url":"https:\/\/secure.gravatar.com\/avatar\/6ea31482c0943c68b98b3aac76481af1d2f97acb9a9aa16bb4255c2e62edcf0f?s=96&d=mm&r=g","contentUrl":"https:\/\/secure.gravatar.com\/avatar\/6ea31482c0943c68b98b3aac76481af1d2f97acb9a9aa16bb4255c2e62edcf0f?s=96&d=mm&r=g","caption":"administrador"},"sameAs":["http:\/\/quintadoslagares.com"],"url":"https:\/\/quintadoslagares.com\/fr\/author\/administrador\/"}]}},"_links":{"self":[{"href":"https:\/\/quintadoslagares.com\/fr\/wp-json\/wp\/v2\/posts\/119","targetHints":{"allow":["GET"]}}],"collection":[{"href":"https:\/\/quintadoslagares.com\/fr\/wp-json\/wp\/v2\/posts"}],"about":[{"href":"https:\/\/quintadoslagares.com\/fr\/wp-json\/wp\/v2\/types\/post"}],"author":[{"embeddable":true,"href":"https:\/\/quintadoslagares.com\/fr\/wp-json\/wp\/v2\/users\/1"}],"replies":[{"embeddable":true,"href":"https:\/\/quintadoslagares.com\/fr\/wp-json\/wp\/v2\/comments?post=119"}],"version-history":[{"count":4,"href":"https:\/\/quintadoslagares.com\/fr\/wp-json\/wp\/v2\/posts\/119\/revisions"}],"predecessor-version":[{"id":295,"href":"https:\/\/quintadoslagares.com\/fr\/wp-json\/wp\/v2\/posts\/119\/revisions\/295"}],"wp:featuredmedia":[{"embeddable":true,"href":"https:\/\/quintadoslagares.com\/fr\/wp-json\/wp\/v2\/media\/120"}],"wp:attachment":[{"href":"https:\/\/quintadoslagares.com\/fr\/wp-json\/wp\/v2\/media?parent=119"}],"wp:term":[{"taxonomy":"category","embeddable":true,"href":"https:\/\/quintadoslagares.com\/fr\/wp-json\/wp\/v2\/categories?post=119"},{"taxonomy":"post_tag","embeddable":true,"href":"https:\/\/quintadoslagares.com\/fr\/wp-json\/wp\/v2\/tags?post=119"}],"curies":[{"name":"wp","href":"https:\/\/api.w.org\/{rel}","templated":true}]}}